{"id":640,"date":"2009-05-09T10:27:49","date_gmt":"2009-05-09T08:27:49","guid":{"rendered":"http:\/\/www.acertijos.org\/?p=640"},"modified":"2009-05-08T22:34:12","modified_gmt":"2009-05-08T20:34:12","slug":"233-la-aristocracia-del-xix","status":"publish","type":"post","link":"http:\/\/www.acertijos.org\/?p=640","title":{"rendered":"233. La aristocracia del XIX"},"content":{"rendered":"<div title='Click to quote this paragraph in your reply below' class='clickquote'><p><blockquote>\n<p><em>El profesor Listillo dio una conferencia sobre \u00abLa vida de la aristocracia en el siglo XIX\u00bb, y cont\u00f3 una an\u00e9cdota, totalmente cierta, que ocurri\u00f3 en verano en cierta corte de la Europa Central: \u00abMientras los cortesanos charlaban y paseaban por los jardines, en el palacio la reina atac\u00f3 al rey y lo mat\u00f3 all\u00ed mismo. Los miembros de la corte, asombrados, continuaron con la fiesta como si nada\u00bb. \u00bfC\u00f3mo fue esto posible?<\/em><\/p><\/p><\/div>\n<div title='Click to quote this paragraph in your reply below' class='clickquote'><p><\/blockquote><\/p><\/div>\n","protected":false},"excerpt":{"rendered":"<p>El profesor Listillo dio una conferencia sobre \u00abLa vida de la aristocracia en el siglo XIX\u00bb, y cont\u00f3 una an\u00e9cdota, totalmente cierta, que ocurri\u00f3 en verano en cierta corte de la Europa Central: \u00abMientras los cortesanos charlaban y paseaban por los jardines, en el palacio la reina atac\u00f3 al rey y lo mat\u00f3 all\u00ed mismo. &hellip; <a href=\"http:\/\/www.acertijos.org\/?p=640\" class=\"more-link\">Seguir leyendo <span class=\"screen-reader-text\">233. La aristocracia del XIX<\/span> <span class=\"meta-nav\">&rarr;<\/span><\/a><\/p>\n","protected":false},"author":1,"featured_media":0,"comment_status":"open","ping_status":"open","sticky":false,"template":"","format":"standard","meta":{"footnotes":""},"categories":[21],"tags":[35,42,5],"class_list":["post-640","post","type-post","status-publish","format-standard","hentry","category-asequible","tag-asesinatos","tag-culturilla-general","tag-quedadas"],"_links":{"self":[{"href":"http:\/\/www.acertijos.org\/index.php?rest_route=\/wp\/v2\/posts\/640","targetHints":{"allow":["GET"]}}],"collection":[{"href":"http:\/\/www.acertijos.org\/index.php?rest_route=\/wp\/v2\/posts"}],"about":[{"href":"http:\/\/www.acertijos.org\/index.php?rest_route=\/wp\/v2\/types\/post"}],"author":[{"embeddable":true,"href":"http:\/\/www.acertijos.org\/index.php?rest_route=\/wp\/v2\/users\/1"}],"replies":[{"embeddable":true,"href":"http:\/\/www.acertijos.org\/index.php?rest_route=%2Fwp%2Fv2%2Fcomments&post=640"}],"version-history":[{"count":1,"href":"http:\/\/www.acertijos.org\/index.php?rest_route=\/wp\/v2\/posts\/640\/revisions"}],"predecessor-version":[{"id":641,"href":"http:\/\/www.acertijos.org\/index.php?rest_route=\/wp\/v2\/posts\/640\/revisions\/641"}],"wp:attachment":[{"href":"http:\/\/www.acertijos.org\/index.php?rest_route=%2Fwp%2Fv2%2Fmedia&parent=640"}],"wp:term":[{"taxonomy":"category","embeddable":true,"href":"http:\/\/www.acertijos.org\/index.php?rest_route=%2Fwp%2Fv2%2Fcategories&post=640"},{"taxonomy":"post_tag","embeddable":true,"href":"http:\/\/www.acertijos.org\/index.php?rest_route=%2Fwp%2Fv2%2Ftags&post=640"}],"curies":[{"name":"wp","href":"https:\/\/api.w.org\/{rel}","templated":true}]}}