{"id":778,"date":"2009-06-28T10:04:14","date_gmt":"2009-06-28T08:04:14","guid":{"rendered":"http:\/\/www.acertijos.org\/?p=778"},"modified":"2009-06-16T01:07:10","modified_gmt":"2009-06-15T23:07:10","slug":"283-el-desayuno-de-los-ladrones","status":"publish","type":"post","link":"http:\/\/www.acertijos.org\/?p=778","title":{"rendered":"283. El desayuno de los ladrones"},"content":{"rendered":"<div title='Click to quote this paragraph in your reply below' class='clickquote'><p><blockquote>\n<p><em>Una calurosa tarde de verano, Staff Ador y Mentiro Sillo robaron la recaudaci\u00f3n del Banco de Repon\u00edtica. Como sab\u00edan que la polic\u00eda les pisaba los talones, decidieron repartirse el bot\u00edn y tirar cada uno por su lado. Staff se dirigi\u00f3 hacia las monta\u00f1as del oeste mientras que Mentiro se fue a la costa este. A la ma\u00f1ana siguiente, ambos decidieron desayunar lo mismo: hirvieron agua y tomaron huevos duros. \u00bfCu\u00e1l de los dos tuvo antes preparado su desayuno?<\/em><\/p><\/p><\/div>\n<div title='Click to quote this paragraph in your reply below' class='clickquote'><p><\/blockquote><\/p><\/div>\n","protected":false},"excerpt":{"rendered":"<p>Una calurosa tarde de verano, Staff Ador y Mentiro Sillo robaron la recaudaci\u00f3n del Banco de Repon\u00edtica. Como sab\u00edan que la polic\u00eda les pisaba los talones, decidieron repartirse el bot\u00edn y tirar cada uno por su lado. Staff se dirigi\u00f3 hacia las monta\u00f1as del oeste mientras que Mentiro se fue a la costa este. A &hellip; <a href=\"http:\/\/www.acertijos.org\/?p=778\" class=\"more-link\">Seguir leyendo <span class=\"screen-reader-text\">283. El desayuno de los ladrones<\/span> <span class=\"meta-nav\">&rarr;<\/span><\/a><\/p>\n","protected":false},"author":1,"featured_media":0,"comment_status":"open","ping_status":"open","sticky":false,"template":"","format":"standard","meta":{"footnotes":""},"categories":[21],"tags":[42,50,59,38],"class_list":["post-778","post","type-post","status-publish","format-standard","hentry","category-asequible","tag-culturilla-general","tag-fisica","tag-mentiro-sillo","tag-staff-ador"],"_links":{"self":[{"href":"http:\/\/www.acertijos.org\/index.php?rest_route=\/wp\/v2\/posts\/778","targetHints":{"allow":["GET"]}}],"collection":[{"href":"http:\/\/www.acertijos.org\/index.php?rest_route=\/wp\/v2\/posts"}],"about":[{"href":"http:\/\/www.acertijos.org\/index.php?rest_route=\/wp\/v2\/types\/post"}],"author":[{"embeddable":true,"href":"http:\/\/www.acertijos.org\/index.php?rest_route=\/wp\/v2\/users\/1"}],"replies":[{"embeddable":true,"href":"http:\/\/www.acertijos.org\/index.php?rest_route=%2Fwp%2Fv2%2Fcomments&post=778"}],"version-history":[{"count":2,"href":"http:\/\/www.acertijos.org\/index.php?rest_route=\/wp\/v2\/posts\/778\/revisions"}],"predecessor-version":[{"id":780,"href":"http:\/\/www.acertijos.org\/index.php?rest_route=\/wp\/v2\/posts\/778\/revisions\/780"}],"wp:attachment":[{"href":"http:\/\/www.acertijos.org\/index.php?rest_route=%2Fwp%2Fv2%2Fmedia&parent=778"}],"wp:term":[{"taxonomy":"category","embeddable":true,"href":"http:\/\/www.acertijos.org\/index.php?rest_route=%2Fwp%2Fv2%2Fcategories&post=778"},{"taxonomy":"post_tag","embeddable":true,"href":"http:\/\/www.acertijos.org\/index.php?rest_route=%2Fwp%2Fv2%2Ftags&post=778"}],"curies":[{"name":"wp","href":"https:\/\/api.w.org\/{rel}","templated":true}]}}